{"id":6160,"date":"2020-05-07T08:24:31","date_gmt":"2020-05-07T08:24:31","guid":{"rendered":"https:\/\/constantinianorder.charity\/?p=6160"},"modified":"2020-05-07T08:42:43","modified_gmt":"2020-05-07T08:42:43","slug":"urgence-covid-19-donation-ordre-constantinien-charity-onlus-au-hopital-san-carlo-de-potenza","status":"publish","type":"post","link":"https:\/\/constantinianorder.charity\/fr\/urgence-covid-19-donation-ordre-constantinien-charity-onlus-au-hopital-san-carlo-de-potenza\/","title":{"rendered":"H\u00d4PITAL \u00ab\u00a0SAN CARLO\u00a0\u00bb DE POTENZA"},"content":{"rendered":"<p>[vc_row css=\u00a0\u00bb.vc_custom_1586271824577{border-top-width: 1px !important;border-right-width: 1px !important;border-bottom-width: 1px !important;border-left-width: 1px !important;background-color: #f3f3f3 !important;border-left-color: #777777 !important;border-left-style: solid !important;border-right-color: #777777 !important;border-right-style: solid !important;border-top-color: #777777 !important;border-top-style: solid !important;border-bottom-color: #777777 !important;border-bottom-style: solid !important;border-radius: 5px !important;}\u00a0\u00bb el_class=\u00a0\u00bbscheda-donazione-top\u00a0\u00bb][vc_column css_animation=\u00a0\u00bbfadeIn\u00a0\u00bb width=\u00a0\u00bb1\/4&Prime; css=\u00a0\u00bb.vc_custom_1586272617042{margin-bottom: 0px !important;}\u00a0\u00bb][vc_single_image image=\u00a0\u00bb6178&Prime; img_size=\u00a0\u00bb250&#215;188&Prime; alignment=\u00a0\u00bbcenter\u00a0\u00bb css=\u00a0\u00bb.vc_custom_1588840960168{margin-bottom: 0px !important;padding-top: 10px !important;padding-right: 0px !important;padding-bottom: 5px !important;padding-left: 0px !important;}\u00a0\u00bb][\/vc_column][vc_column width=\u00a0\u00bb3\/4&Prime; css=\u00a0\u00bb.vc_custom_1586272608132{margin-bottom: 0px !important;}\u00a0\u00bb][vc_column_text css=\u00a0\u00bb.vc_custom_1588839805207{margin-bottom: 0px !important;padding-top: 0px !important;padding-right: 10px !important;padding-bottom: 0px !important;padding-left: 10px !important;}\u00a0\u00bb]<\/p>\n<h3>Donation: 15.000 \u20ac<\/h3>\n<h3>Date: 05-05-2020<\/h3>\n<h3>B\u00e9n\u00e9ficiaire: H\u00f4pital \u00abSan Carlo\u00bb<\/h3>\n<h3>Raison: Urgence Covid-19<\/h3>\n<h3>Objectif: Acquisition des masques FFP2<\/h3>\n<p>[\/vc_column_text][\/vc_column][\/vc_row][vc_row el_class=\u00a0\u00bbblocco-comunicato-stampa\u00a0\u00bb][vc_column][vc_column_text]<\/p>\n<h1 style=\"text-align: center;\"><span style=\"color: #fcc91b;\">NOTE DE PRESSE<\/span><\/h1>\n<p>[\/vc_column_text][vc_column_text]<\/p>\n<p class=\"x_MsoNormal\"><strong>Donation de l&rsquo;Ordre Constantinien Charity \u00e0 l\u2019h\u00f4pital San Carlo de Potenza<\/strong><\/p>\n<p class=\"x_MsoNormal\">Rome, le 5 mai 2020<\/p>\n<p class=\"x_MsoNormal\">\u00ab\u00a0La collecte de fonds que j&rsquo;ai d\u00e9cid\u00e9 de lancer se concentre sur les besoins et les urgences des h\u00f4pitaux avec moins de ressources. Donc j\u2019ai pris cette d\u00e9cision, c\u2019est-\u00e0- dire de b\u00e9n\u00e9ficier cet h\u00f4pital, afin de r\u00e9pondre aux besoins exprim\u00e9s par les gouverneurs de la r\u00e9gion Basilicate, en offrant des masques FFP2 qui aideront le personnel qui travaille dans l\u2019h\u00f4pital \u00e0 faire face \u00e0 leurs\u00a0 t\u00e2ches quotidiennes avec une plus grande s\u00e9curit\u00e9 pour eux-m\u00eames et leurs familles\u00a0\u00bb. C&rsquo;est ce qu&rsquo;a d\u00e9clar\u00e9 S.A.R. le Prince Charles de Bourbon des Deux Siciles, \u00e0 l&rsquo;occasion de la donation d&rsquo;une valeur de 15.000 \u20ac en masques en faveur de l&rsquo;h\u00f4pital de la part de l&rsquo;Ordre Constantinien Charity Onlus. \u00ab\u00a0J&rsquo;esp\u00e8re que la phase 2 de la pand\u00e9mie se traduira bient\u00f4t par un rapprochement \u00e0 la normalit\u00e9 pour les habitants de cette r\u00e9gion,\u00a0 qui a \u00e9t\u00e9 trop souvent oubli\u00e9e par l&rsquo;actualit\u00e9 nationale, et une fois cette phase d&rsquo;urgence termin\u00e9e, laissera une am\u00e9lioration globale de la fonctionnalit\u00e9 de la structure sur le territoire par rapport aux attentes des citoyens avec l&rsquo;espoir de pouvoir \u00e0 nouveau intervenir pour r\u00e9pondre aux besoins op\u00e9rationnels des h\u00f4pitaux\u00bb, a ajout\u00e9 le Prince Charles. Un \u201cgrand merci\u201d a \u00e9t\u00e9 envoy\u00e9 par M. Massimo Barresi, directeur g\u00e9n\u00e9ral de l&rsquo;h\u00f4pital San Carlo de Potenza, \u00e0 l\u2019Ordre Constantinien: \u00ab\u00a0Cette institution tr\u00e8s importante a une histoire s\u00e9culaire d\u00e9di\u00e9e aux n\u00e9cessiteux. Dans cette p\u00e9riode aussi, l\u2019Ordre nous a aimablement fourni 2560 masques FFP2 pour une valeur de 15 mille euros. Un grand geste et une d\u00e9monstration de sensibilit\u00e9 dont nous sommes vraiment reconnaissants\u201d.<\/p>\n<p>[\/vc_column_text][\/vc_column][\/vc_row]<\/p>\n","protected":false},"excerpt":{"rendered":"<p>L\u2019Ordine Costantiniano Charity Onlus ha donato un contributo di 30mila euro all\u2019ospedale \u201cPugliese Ciaccio\u201d di Catanzaro per l\u2019emergenza Covid-19. L\u2019Ordine Costantiniano, infatti, ha deciso di beneficiare il pi\u00f9 importante ospedale del capoluogo calabrese alla luce dell\u2019analisi della mappa del contagio in Calabria con il tasso demografico dei residenti nella provincia.<\/p>\n","protected":false},"author":1,"featured_media":0,"comment_status":"closed","ping_status":"closed","sticky":false,"template":"","format":"standard","meta":{"footnotes":""},"categories":[123],"tags":[133,178,151,135,152,150,138,161,160],"class_list":["post-6160","post","type-post","status-publish","format-standard","hentry","category-beneficiaires","tag-emergenza-coronavirus-fr","tag-hopital-san-carlo-de-potenza","tag-maison-royale-des-bourbon-des-deux-siciles","tag-ordine-cosatiniano-di-san-giogio-fr","tag-ordre-constantinien-charity-onlus","tag-ordre-sacre-et-militaire-constantinien-de-saint-georges","tag-real-casa-di-borbone-delle-due-sicilie-fr","tag-urgence-coronavirus","tag-urgence-covid-19"],"_links":{"self":[{"href":"https:\/\/constantinianorder.charity\/fr\/wp-json\/wp\/v2\/posts\/6160"}],"collection":[{"href":"https:\/\/constantinianorder.charity\/fr\/wp-json\/wp\/v2\/posts"}],"about":[{"href":"https:\/\/constantinianorder.charity\/fr\/wp-json\/wp\/v2\/types\/post"}],"author":[{"embeddable":true,"href":"https:\/\/constantinianorder.charity\/fr\/wp-json\/wp\/v2\/users\/1"}],"replies":[{"embeddable":true,"href":"https:\/\/constantinianorder.charity\/fr\/wp-json\/wp\/v2\/comments?post=6160"}],"version-history":[{"count":5,"href":"https:\/\/constantinianorder.charity\/fr\/wp-json\/wp\/v2\/posts\/6160\/revisions"}],"predecessor-version":[{"id":6295,"href":"https:\/\/constantinianorder.charity\/fr\/wp-json\/wp\/v2\/posts\/6160\/revisions\/6295"}],"wp:attachment":[{"href":"https:\/\/constantinianorder.charity\/fr\/wp-json\/wp\/v2\/media?parent=6160"}],"wp:term":[{"taxonomy":"category","embeddable":true,"href":"https:\/\/constantinianorder.charity\/fr\/wp-json\/wp\/v2\/categories?post=6160"},{"taxonomy":"post_tag","embeddable":true,"href":"https:\/\/constantinianorder.charity\/fr\/wp-json\/wp\/v2\/tags?post=6160"}],"curies":[{"name":"wp","href":"https:\/\/api.w.org\/{rel}","templated":true}]}}